{"id":130,"date":"2026-04-30T13:08:35","date_gmt":"2026-04-30T13:08:35","guid":{"rendered":"https:\/\/blog.pahoa-burger.fr\/article\/marche-consciente-meditation\/"},"modified":"2026-04-30T13:08:35","modified_gmt":"2026-04-30T13:08:35","slug":"marche-consciente-meditation","status":"publish","type":"post","link":"https:\/\/blog.pahoa-burger.fr\/article\/marche-consciente-meditation\/","title":{"rendered":"Marche consciente : la m\u00e9thode pour transformer une balade en m\u00e9ditation active"},"content":{"rendered":"<p>Un lundi matin, 8h15 : une silhouette qui se fraie un chemin vers le m\u00e9tro, t\u00e9l\u00e9phone coll\u00e9 \u00e0 l\u2019oreille, respiration courte, regard fuyant. Une coll\u00e8gue, Yuki, observe et propose sans emphase : \u00ab\u00a0Au Japon, on transforme la marche en m\u00e9ditation. Chaque pas devient une occasion de paix.\u00a0\u00bb Cette remarque suffit \u00e0 reframer le trajet.<\/p>\n\n<ul class=\"wp-block-list\"><li><strong>En bref :<\/strong><\/li><li>Transformer un trajet quotidien en <strong>marche consciente<\/strong> demande peu de pr\u00e9paration : quelques respirations, attention aux sensations, synchronisation pas\u2011respiration.<\/li><li>Outils pratiques : minuterie discr\u00e8te, points d\u2019ancrage sensoriels, et des m\u00e9ditations guid\u00e9es pour d\u00e9marrer.<\/li><li>Pi\u00e8ge \u00e0 \u00e9viter : confondre pr\u00e9sence attentive et id\u00e9alisation \u2014 la pratique s\u2019adapte aux contraintes urbaines.<\/li><li>Bonus : des rep\u00e8res culturels et des sources pratiques pour approfondir (livres, applications et pratiques traditionnelles).<\/li><\/ul>\n\n<figure class=\"wp-block-table\"><table>\n<thead>\n<tr>\n<th colspan=\"2\"><strong>Peu de temps ? Voil\u00e0 ce qu&rsquo;il faut retenir :<\/strong><\/th>\n<\/tr>\n<\/thead>\n<tbody>\n<tr>\n<td><strong>Point cl\u00e9 #1<\/strong><\/td>\n<td>Commencer par 30 secondes d\u2019ancrage puis 5\u201310 minutes d\u2019attention aux sensations.<\/td>\n<\/tr>\n<tr>\n<td><strong>Point cl\u00e9 #2<\/strong><\/td>\n<td>Synchroniser respiration et pas (ex. : inspirer sur 3 pas, expirer sur 3 pas).<\/td>\n<\/tr>\n<tr>\n<td><strong>Point cl\u00e9 #3<\/strong><\/td>\n<td>\u00c9viter la comparaison : la marche consciente s\u2019adapte au m\u00e9tro bond\u00e9 comme \u00e0 la balade en bord de mer.<\/td>\n<\/tr>\n<tr>\n<td><strong>Point cl\u00e9 #4<\/strong><\/td>\n<td>Pour aller plus loin, lire des ressources pratiques et int\u00e9grer des micro\u2011habitudes quotidiennes.<\/td>\n<\/tr>\n<\/tbody>\n<\/table><\/figure>\n\n<div id=\"ez-toc-container\" class=\"ez-toc-v2_0_82_2 counter-hierarchy ez-toc-counter ez-toc-grey ez-toc-container-direction\">\n<div class=\"ez-toc-title-container\">\n<p class=\"ez-toc-title\" style=\"cursor:inherit\">Sommaire<\/p>\n<span class=\"ez-toc-title-toggle\"><a href=\"#\" class=\"ez-toc-pull-right ez-toc-btn ez-toc-btn-xs ez-toc-btn-default ez-toc-toggle\" aria-label=\"Toggle Table of Content\"><span class=\"ez-toc-js-icon-con\"><span class=\"\"><span class=\"eztoc-hide\" style=\"display:none;\">Toggle<\/span><span class=\"ez-toc-icon-toggle-span\"><svg style=\"fill: #999;color:#999\" xmlns=\"http:\/\/www.w3.org\/2000\/svg\" class=\"list-377408\" width=\"20px\" height=\"20px\" viewBox=\"0 0 24 24\" fill=\"none\"><path d=\"M6 6H4v2h2V6zm14 0H8v2h12V6zM4 11h2v2H4v-2zm16 0H8v2h12v-2zM4 16h2v2H4v-2zm16 0H8v2h12v-2z\" fill=\"currentColor\"><\/path><\/svg><svg style=\"fill: #999;color:#999\" class=\"arrow-unsorted-368013\" xmlns=\"http:\/\/www.w3.org\/2000\/svg\" width=\"10px\" height=\"10px\" viewBox=\"0 0 24 24\" version=\"1.2\" baseProfile=\"tiny\"><path d=\"M18.2 9.3l-6.2-6.3-6.2 6.3c-.2.2-.3.4-.3.7s.1.5.3.7c.2.2.4.3.7.3h11c.3 0 .5-.1.7-.3.2-.2.3-.5.3-.7s-.1-.5-.3-.7zM5.8 14.7l6.2 6.3 6.2-6.3c.2-.2.3-.5.3-.7s-.1-.5-.3-.7c-.2-.2-.4-.3-.7-.3h-11c-.3 0-.5.1-.7.3-.2.2-.3.5-.3.7s.1.5.3.7z\"\/><\/svg><\/span><\/span><\/span><\/a><\/span><\/div>\n<nav><ul class='ez-toc-list ez-toc-list-level-1 eztoc-toggle-hide-by-default' ><li class='ez-toc-page-1 ez-toc-heading-level-2'><a class=\"ez-toc-link ez-toc-heading-1\" href=\"https:\/\/blog.pahoa-burger.fr\/article\/marche-consciente-meditation\/#Marche_consciente_transformer_un_trajet_quotidien_en_meditation_active\" >Marche consciente : transformer un trajet quotidien en m\u00e9ditation active<\/a><\/li><li class='ez-toc-page-1 ez-toc-heading-level-2'><a class=\"ez-toc-link ez-toc-heading-2\" href=\"https:\/\/blog.pahoa-burger.fr\/article\/marche-consciente-meditation\/#Comment_pratiquer_la_marche_consciente_methode_detaillee_et_exercices\" >Comment pratiquer la marche consciente : m\u00e9thode d\u00e9taill\u00e9e et exercices<\/a><\/li><li class='ez-toc-page-1 ez-toc-heading-level-2'><a class=\"ez-toc-link ez-toc-heading-3\" href=\"https:\/\/blog.pahoa-burger.fr\/article\/marche-consciente-meditation\/#Les_benefices_concrets_de_la_marche_consciente_reduction_du_stress_creativite_et_bien%E2%80%91etre_mental\" >Les b\u00e9n\u00e9fices concrets de la marche consciente : r\u00e9duction du stress, cr\u00e9ativit\u00e9 et bien\u2011\u00eatre mental<\/a><\/li><li class='ez-toc-page-1 ez-toc-heading-level-2'><a class=\"ez-toc-link ez-toc-heading-4\" href=\"https:\/\/blog.pahoa-burger.fr\/article\/marche-consciente-meditation\/#Integrer_la_marche_consciente_en_ville_astuces_pour_une_presence_attentive_malgre_lagitation\" >Int\u00e9grer la marche consciente en ville : astuces pour une pr\u00e9sence attentive malgr\u00e9 l\u2019agitation<\/a><\/li><li class='ez-toc-page-1 ez-toc-heading-level-2'><a class=\"ez-toc-link ez-toc-heading-5\" href=\"https:\/\/blog.pahoa-burger.fr\/article\/marche-consciente-meditation\/#Balade_meditative_et_slow_travel_quand_la_marche_consciente_devient_voyage\" >Balade m\u00e9ditative et slow travel : quand la marche consciente devient voyage<\/a><\/li><\/ul><\/nav><\/div>\n<h2 class=\"wp-block-heading\"><span class=\"ez-toc-section\" id=\"Marche_consciente_transformer_un_trajet_quotidien_en_meditation_active\"><\/span>Marche consciente : transformer un trajet quotidien en m\u00e9ditation active<span class=\"ez-toc-section-end\"><\/span><\/h2>\n\n<p>Une sc\u00e8ne urbaine suffit souvent \u00e0 r\u00e9v\u00e9ler le probl\u00e8me : des d\u00e9placements subis, v\u00e9cus comme une perte de temps, allongeant la liste mentale des t\u00e2ches. L\u2019histoire de Yuki \u2014 qui a invit\u00e9 une coll\u00e8gue press\u00e9e \u00e0 regarder ses pas plut\u00f4t que son \u00e9cran \u2014 sert ici de fil conducteur. Elle illustre comment la marche peut cesser d\u2019\u00eatre une contrainte pour devenir une pratique de <strong>pleine conscience<\/strong> int\u00e9gr\u00e9e.<\/p>\n\n<p>La marche consciente, ou m\u00e9ditation en marchant, n\u2019est pas une invention du bien\u2011\u00eatre contemporain. On retrouve des formes proches dans des traditions bouddhistes, chr\u00e9tiennes et dans des approches th\u00e9rapeutiques modernes (la m\u00e9thode Vittoz, la MBSR \u2014 Mindfulness\u2011Based Stress Reduction). L\u2019id\u00e9e centrale est simple : porter une <strong>pr\u00e9sence attentive<\/strong> au mouvement du corps et \u00e0 l\u2019environnement, transformer un geste automatique en acte volontaire et sensoriel.<\/p>\n\n<h3 class=\"wp-block-heading\">D\u00e9finir la pratique et ses intentions<\/h3>\n\n<p>La marche consciente est d\u2019abord une intention : ralentir le rythme mental pour laisser \u00e9merger le calme int\u00e9rieur. Concr\u00e8tement, il s\u2019agit d\u2019observer le contact des pieds avec le sol, la dynamique des appuis, le balancement des bras, la qualit\u00e9 de la respiration. Cette \u00e9coute sensorielle cr\u00e9e une <strong>connexion corps\u2011esprit<\/strong> imm\u00e9diate.<\/p>\n\n<p>La pratique peut viser plusieurs r\u00e9sultats selon la situation : r\u00e9duction du stress avant une r\u00e9union, clarification mentale pour une d\u00e9cision, r\u00e9cup\u00e9ration apr\u00e8s un trajet fatigant, ou simple \u00e9veil des sens. La flexibilit\u00e9 est essentielle : un trajet en ville, une promenade en for\u00eat, ou des escaliers mont\u00e9s entre deux \u00e9tages peuvent tous devenir des moments de m\u00e9ditation active.<\/p>\n\n<h3 class=\"wp-block-heading\">Exemples de situations et de b\u00e9n\u00e9ficiaires<\/h3>\n\n<p>Clara, consultante en communication, a remplac\u00e9 la consultation automatique de son t\u00e9l\u00e9phone par cinq minutes d\u2019attention \u00e0 la respiration avant le m\u00e9tro. Elle rapporte une baisse notable de l\u2019anxi\u00e9t\u00e9 matinale et une meilleure qualit\u00e9 d\u2019\u00e9coute en r\u00e9union.<\/p>\n\n<p>Takeshi, voyageur fr\u00e9quent, a transform\u00e9 ses travers\u00e9es d\u2019a\u00e9roport en micro\u2011rituels : synchroniser la respiration avec la cadence du pas entre les portes d\u2019embarquement l\u2019aide \u00e0 \u00e9viter la tension et \u00e0 arriver aux r\u00e9unions plus serein. Ce n\u2019est pas une posture exotique : c\u2019est une strat\u00e9gie efficace pour g\u00e9rer un stress logistique fr\u00e9quent.<\/p>\n\n<p>Insight final : la marche consciente fonctionne parce qu\u2019elle utilise un acte d\u00e9j\u00e0 pr\u00e9sent dans la journ\u00e9e \u2014 marcher \u2014 et y ajoute une qualit\u00e9 attentionnelle qui change la nature du temps v\u00e9cu.<\/p>\n\n<h2 class=\"wp-block-heading\"><span class=\"ez-toc-section\" id=\"Comment_pratiquer_la_marche_consciente_methode_detaillee_et_exercices\"><\/span>Comment pratiquer la marche consciente : m\u00e9thode d\u00e9taill\u00e9e et exercices<span class=\"ez-toc-section-end\"><\/span><\/h2>\n\n<p>Avant d\u2019\u00e9noncer une technique, il est utile de raconter un geste. Imaginez la transition : arr\u00eatant le balayage automatique du fil d\u2019actualit\u00e9, on pose les deux pieds au sol, on sent l\u2019\u00e9quilibre, puis on commence \u00e0 marcher. Cette s\u00e9quence, humble, est le c\u0153ur de la m\u00e9thode.<\/p>\n\n<h3 class=\"wp-block-heading\">La m\u00e9thode en 4 \u00e9tapes (adapt\u00e9e et sourc\u00e9e)<\/h3>\n\n<p>La m\u00e9thode propos\u00e9e ici reprend et reformule des pratiques observ\u00e9es sur le terrain (MBSR, enseignements de marche m\u00e9ditative et textes contemporains) :<\/p>\n\n<ol class=\"wp-block-list\"><li><strong>Ancrage initial (30 secondes)<\/strong> \u2014 Avant de partir, prendre trois respirations profondes, sentir le poids du corps sur chaque pied. Cette phase marque la transition mentale entre deux activit\u00e9s.<\/li><li><strong>Attention aux sensations (5\u201310 minutes)<\/strong> \u2014 Observer le d\u00e9roul\u00e9 du pas : talon, plante, orteils. Noter la position des genoux, la rotation du bassin, le mouvement des bras. L\u2019effort consiste \u00e0 rester sur les sensations, pas sur les pens\u00e9es.<\/li><li><strong>Synchronisation respiratoire (5\u201310 minutes)<\/strong> \u2014 Choisir un rythme simple (inspirer trois pas, expirer trois pas). Ce calage apaise le syst\u00e8me nerveux et approfondit la m\u00e9ditation active.<\/li><li><strong>Ouverture contemplative (dur\u00e9e variable)<\/strong> \u2014 Apr\u00e8s avoir stabilis\u00e9 l\u2019attention sur le corps, \u00e9largir l\u2019\u00e9coute \u00e0 l\u2019environnement : sons, couleurs, temp\u00e9rature. Accueillir sans juger.<\/li><\/ol>\n\n<p>Ces \u00e9tapes sont adaptables : sur un quai de m\u00e9tro, l\u2019ancrage peut durer une dizaine de secondes. En randonn\u00e9e, on peut prolonger la synchronisation respiratoire pendant trente minutes. La m\u00e9thode tient compte du contexte.<\/p>\n\n<h3 class=\"wp-block-heading\">Exercices pratiques et variations<\/h3>\n\n<p>Quelques variantes permettent de commencer selon le niveau d\u2019exp\u00e9rience :<\/p>\n\n<ul class=\"wp-block-list\"><li><strong>Micro\u2011ancrage<\/strong> : trois respirations au feu rouge avant de traverser.<\/li><li><strong>Marche des cinq sens<\/strong> : consacrer une minute \u00e0 chaque sens pendant la marche (\u00e9couter, regarder, sentir, toucher l\u2019air, percevoir le go\u00fbt si pertinent).<\/li><li><strong>Pas-lenteur<\/strong> : ralentir le pas jusqu\u2019\u00e0 sentir chaque contraction musculaire ; utile pour les tensions physiques chroniques.<\/li><\/ul>\n\n<p>Pour les d\u00e9butants, des m\u00e9ditations guid\u00e9es sont utiles. Elles aident \u00e0 renforcer l\u2019attention jusqu\u2019\u00e0 ce qu\u2019elle devienne autonome. Les ressources audio r\u00e9pertori\u00e9es par des plateformes d\u00e9di\u00e9es et des applications de m\u00e9ditation peuvent servir de support, comme les m\u00e9ditations matinales pratiques propos\u00e9es sur le site de la r\u00e9daction.<\/p>\n\n<h3 class=\"wp-block-heading\">Pr\u00e9cautions et contre\u2011indications<\/h3>\n\n<p>La marche consciente est g\u00e9n\u00e9ralement s\u00fbre, mais quelques pr\u00e9cautions s\u2019imposent : \u00e9viter la synchronisation respiratoire forc\u00e9e en cas d\u2019hypertension s\u00e9v\u00e8re ou de troubles respiratoires sans avis m\u00e9dical. Les femmes enceintes doivent adapter le rythme et consulter un professionnel pour toute modification de l\u2019effort physique. En milieu urbain, pr\u00e9server la s\u00e9curit\u00e9 routi\u00e8re prime : regarder de temps en temps l\u2019environnement et rester conscient des v\u00e9hicules.<\/p>\n\n<p>Insight final : la m\u00e9thode est simple mais demande constance ; la qualit\u00e9 de l\u2019attention fait toute la diff\u00e9rence.<\/p>\n\n<figure class=\"wp-block-image size-full\"><img loading=\"lazy\" decoding=\"async\" width=\"1344\" height=\"768\" src=\"https:\/\/blog.pahoa-burger.fr\/wp-content\/uploads\/2026\/04\/Marche-consciente-la-methode-pour-transformer-une-balade-en-meditation-active-1.jpg\" alt=\"d\u00e9couvrez la marche consciente, une m\u00e9thode simple pour transformer vos balades en s\u00e9ances de m\u00e9ditation active, favorisant le bien-\u00eatre et la pleine pr\u00e9sence.\" class=\"wp-image-129\" srcset=\"https:\/\/blog.pahoa-burger.fr\/wp-content\/uploads\/2026\/04\/Marche-consciente-la-methode-pour-transformer-une-balade-en-meditation-active-1.jpg 1344w, https:\/\/blog.pahoa-burger.fr\/wp-content\/uploads\/2026\/04\/Marche-consciente-la-methode-pour-transformer-une-balade-en-meditation-active-1-300x171.jpg 300w, https:\/\/blog.pahoa-burger.fr\/wp-content\/uploads\/2026\/04\/Marche-consciente-la-methode-pour-transformer-une-balade-en-meditation-active-1-1024x585.jpg 1024w, https:\/\/blog.pahoa-burger.fr\/wp-content\/uploads\/2026\/04\/Marche-consciente-la-methode-pour-transformer-une-balade-en-meditation-active-1-768x439.jpg 768w\" sizes=\"auto, (max-width: 1344px) 100vw, 1344px\" \/><\/figure>\n\n<h2 class=\"wp-block-heading\"><span class=\"ez-toc-section\" id=\"Les_benefices_concrets_de_la_marche_consciente_reduction_du_stress_creativite_et_bien%E2%80%91etre_mental\"><\/span>Les b\u00e9n\u00e9fices concrets de la marche consciente : r\u00e9duction du stress, cr\u00e9ativit\u00e9 et bien\u2011\u00eatre mental<span class=\"ez-toc-section-end\"><\/span><\/h2>\n\n<p>Raconter un effet concret aide \u00e0 comprendre l\u2019enjeu. Apr\u00e8s deux mois de pratique quotidienne, Clara remarque moins d\u2019irritabilit\u00e9 en fin de journ\u00e9e et des id\u00e9es plus fluides pour son travail cr\u00e9atif. Cet exemple r\u00e9sonne avec des donn\u00e9es et des observations cliniques : la marche, combin\u00e9e \u00e0 une attention soutenue, stimule la pens\u00e9e divergente et apaise le syst\u00e8me nerveux.<\/p>\n\n<h3 class=\"wp-block-heading\">Preuves et m\u00e9canismes<\/h3>\n\n<p>Plusieurs \u00e9tudes montrent que la marche am\u00e9liore l\u2019humeur et la cognition. Par exemple, des recherches publi\u00e9es au cours de la derni\u00e8re d\u00e9cennie constatent une augmentation de la cr\u00e9ativit\u00e9 lors de la marche libre compar\u00e9e \u00e0 la s\u00e9dentarit\u00e9. D\u2019un point de vue physiologique, la marche active la circulation, lib\u00e8re des endorphines et favorise la r\u00e9gulation du syst\u00e8me nerveux autonome.<\/p>\n\n<p>La marche consciente ajoute un ingr\u00e9dient : l\u2019attention. Les protocoles MBSR document\u00e9s indiquent que la pleine conscience r\u00e9duit les sympt\u00f4mes d\u2019anxi\u00e9t\u00e9 et am\u00e9liore la gestion du stress. Dans la pratique, synchroniser respiration et pas produit un effet calmant imm\u00e9diat, gr\u00e2ce \u00e0 l\u2019\u00e9quilibre respiratoire et \u00e0 la r\u00e9duction des pens\u00e9es ruminatives.<\/p>\n\n<h3 class=\"wp-block-heading\">B\u00e9n\u00e9fices observ\u00e9s sur le terrain<\/h3>\n\n<p>Sur le terrain, les t\u00e9moignages convergent : meilleure capacit\u00e9 \u00e0 g\u00e9rer des journ\u00e9es charg\u00e9es, clart\u00e9 mentale accrue, cr\u00e9ativit\u00e9 d\u00e9verrouill\u00e9e. Emma, architecte, utilise dix minutes de marche m\u00e9ditative entre deux r\u00e9unions pour \u00ab remonter \u00bb son attention et produire des id\u00e9es diff\u00e9rentes. Les praticiens de la pleine conscience notent aussi une am\u00e9lioration de la proprioception et une diminution des tensions chroniques.<\/p>\n\n<ul class=\"wp-block-list\"><li><strong>R\u00e9duction du stress<\/strong> : baisse des pens\u00e9es ruminatives et activation du syst\u00e8me parasympathique.<\/li><li><strong>Clart\u00e9 cognitive<\/strong> : facilitation des associations mentales et id \u00e9ation cr\u00e9ative.<\/li><li><strong>Connexion corporelle<\/strong> : meilleure conscience posturale et d\u00e9tection pr\u00e9coce des tensions.<\/li><li><strong>Bien\u2011\u00eatre mental<\/strong> : humeur stabilis\u00e9e, sommeil souvent am\u00e9lior\u00e9 indirectement.<\/li><\/ul>\n\n<p>Insight final : la marche consciente n\u2019est pas une panac\u00e9e, mais c\u2019est un moyen \u00e9prouv\u00e9 d\u2019incorporer du \u00ab travail int\u00e9rieur \u00bb dans le quotidien sans ajouter de temps d\u00e9di\u00e9.<\/p>\n\n<h2 class=\"wp-block-heading\"><span class=\"ez-toc-section\" id=\"Integrer_la_marche_consciente_en_ville_astuces_pour_une_presence_attentive_malgre_lagitation\"><\/span>Int\u00e9grer la marche consciente en ville : astuces pour une pr\u00e9sence attentive malgr\u00e9 l\u2019agitation<span class=\"ez-toc-section-end\"><\/span><\/h2>\n\n<p>La ville pose des contraintes : foules, bruits, interruptions. Pourtant, c\u2019est pr\u00e9cis\u00e9ment dans ces contextes que la marche consciente r\u00e9v\u00e8le son utilit\u00e9. Elle transforme des d\u00e9placements subis en parenth\u00e8ses r\u00e9paratrices. Voici des astuces pratiques, test\u00e9es et \u00e9prouv\u00e9es en contexte urbain.<\/p>\n\n<h3 class=\"wp-block-heading\">R\u00e8gles pratiques pour la pr\u00e9sence en milieu urbain<\/h3>\n\n<p>Premi\u00e8re r\u00e8gle : commencer petit. Si le trajet dure 20 minutes, r\u00e9server cinq minutes en marchant consciemment suffit \u00e0 cr\u00e9er une rupture. Deuxi\u00e8me r\u00e8gle : protocole t\u00e9l\u00e9phone\u2011conscient. Remplacer la consultation automatique du portable par une petite s\u00e9quence d\u2019ancrage. Le dossier \u00e9ditorial a trait\u00e9 des b\u00e9n\u00e9fices du lever sans t\u00e9l\u00e9phone ; s\u2019y r\u00e9f\u00e9rer aide \u00e0 structurer la matin\u00e9e.<\/p>\n\n<p>Troisi\u00e8me r\u00e8gle : choisir des points d\u2019ancrage visibles \u2014 un arbre sur l\u2019avenue, une fa\u00e7ade en pierre, le mouvement d\u2019un r\u00e9verb\u00e8re. Ces \u00e9l\u00e9ments servent d\u2019ancre visuelle pour revenir \u00e0 l\u2019attention. Quatri\u00e8me r\u00e8gle : adapter la synchronisation respiratoire \u00e0 l\u2019environnement : en pr\u00e9sence de marches ou de pentes, privil\u00e9gier un rythme plus court (deux pas inspiration \/ deux pas expiration).<\/p>\n\n<h3 class=\"wp-block-heading\">Exemples concrets et micro\u2011habitudes<\/h3>\n\n<p>Clara a instaur\u00e9 une micro\u2011habitude : \u00e0 chaque sortie du bureau, elle inspire profond\u00e9ment trois fois avant d\u2019entrer dans la rue. Ce geste, simple, a un effet disproportionn\u00e9 sur sa capacit\u00e9 \u00e0 rester centr\u00e9e dans la marche. D\u2019autres pratiques utiles : int\u00e9grer une marche consciente \u00e0 la pause d\u00e9jeuner, transformer le chemin des courses en balade m\u00e9ditative, ou faire une marche de r\u00e9flexion avant une prise de d\u00e9cision importante.<\/p>\n\n<p>Pour ceux qui cherchent des rep\u00e8res \u00e9ditoriaux ou des d\u00e9fis pratiques, la rubrique sur les micro\u2011habitudes propose des routines adapt\u00e9es (voir les propositions sur <a href=\"https:\/\/blog.pahoa-burger.fr\/article\/aloha-micro-habitudes\/\">micro\u2011habitudes<\/a>). Ces petits changements ancrent la pratique dans la dur\u00e9e sans glamouriser l\u2019effort.<\/p>\n\n<figure class=\"is-provider-youtube is-type-video wp-block-embed wp-block-embed-youtube wp-embed-aspect-16-9 wp-has-aspect-ratio\"><div class=\"wp-block-embed__wrapper\">\n<iframe loading=\"lazy\" title=\"Essayez la marche consciente\" width=\"1200\" height=\"675\" src=\"https:\/\/www.youtube.com\/embed\/MuPS8t0FP2w?feature=oembed\" frameborder=\"0\" allow=\"accelerometer; autoplay; clipboard-write; encrypted-media; gyroscope; picture-in-picture; web-share\" referrerpolicy=\"strict-origin-when-cross-origin\" allowfullscreen><\/iframe>\n<\/div><\/figure>\n\n<p>Insight final : la marche consciente en ville demande d\u2019\u00e9quilibrer s\u00e9curit\u00e9 et pr\u00e9sence ; le geste d\u2019attention se glisse entre obligation et libert\u00e9 personnelle.<\/p>\n\n<h2 class=\"wp-block-heading\"><span class=\"ez-toc-section\" id=\"Balade_meditative_et_slow_travel_quand_la_marche_consciente_devient_voyage\"><\/span>Balade m\u00e9ditative et slow travel : quand la marche consciente devient voyage<span class=\"ez-toc-section-end\"><\/span><\/h2>\n\n<p>La marche consciente prend une autre dimension hors du quotidien : elle accompagne le voyage lent, l\u2019itin\u00e9rance douce, et les retraites en nature. En 2026, le slow travel reste une r\u00e9ponse cr\u00e9dible aux envies d\u2019\u00e9vasion responsable : privil\u00e9gier la lenteur, r\u00e9duire l\u2019empreinte carbone et approfondir l\u2019exp\u00e9rience du paysage.<\/p>\n\n<h3 class=\"wp-block-heading\">De la micro\u2011balade \u00e0 la randonn\u00e9e contemplative<\/h3>\n\n<p>Une balade m\u00e9ditative en for\u00eat ou en bord de mer amplifie les effets de la pratique. Les stimuli \u2014 odeurs, textures, lumi\u00e8re \u2014 enrichissent l\u2019ouverture contemplative. Sur le terrain, des itin\u00e9raires comme la Route de Hana sont souvent cit\u00e9s pour leur capacit\u00e9 \u00e0 inviter \u00e0 la lenteur ; ces parcours demandent cependant pr\u00e9paration saisonni\u00e8re et respect du milieu.<\/p>\n\n<p>Les principes du slow travel s\u2019appliquent : partir moins loin souvent, privil\u00e9gier les liaisons douces, et choisir des \u00e9tapes permettant de rester plusieurs jours. Pour des exemples concrets, la s\u00e9lection d\u2019escapades et de spots naturels offre des rep\u00e8res utiles pour planifier une marche m\u00e9ditative prolong\u00e9e (<a href=\"https:\/\/blog.pahoa-burger.fr\/article\/slow-travel-kauai-spots\/\">spots recommand\u00e9s<\/a>).<\/p>\n\n<figure class=\"is-provider-youtube is-type-video wp-block-embed wp-block-embed-youtube wp-embed-aspect-16-9 wp-has-aspect-ratio\"><div class=\"wp-block-embed__wrapper\">\n<iframe loading=\"lazy\" title=\"M\u00e9ditation pour enfants : La Promenade\" width=\"1200\" height=\"675\" src=\"https:\/\/www.youtube.com\/embed\/-m9iO-IE47I?feature=oembed\" frameborder=\"0\" allow=\"accelerometer; autoplay; clipboard-write; encrypted-media; gyroscope; picture-in-picture; web-share\" referrerpolicy=\"strict-origin-when-cross-origin\" allowfullscreen><\/iframe>\n<\/div><\/figure>\n\n<h3 class=\"wp-block-heading\">Conseils pratiques pour partir en marche m\u00e9ditative<\/h3>\n\n<p>Pr\u00e9parer son parcours : conna\u00eetre la m\u00e9t\u00e9o, porter des chaussures adapt\u00e9es, pr\u00e9voir de l\u2019eau. Pr\u00e9server l\u2019attention : limiter l\u2019usage des \u00e9crans et accepter des phases de lenteur sans but. Respecter l\u2019environnement et les communaut\u00e9s locales : le slow travel est fondamentalement une \u00e9thique du d\u00e9placement.<\/p>\n\n<p>Un dernier point : la marche m\u00e9ditative en voyage permet de renouer avec des sensations souvent oubli\u00e9es en ville \u2014 la texture d\u2019un sentier, le mouvement du souffle dans un paysage large, la lecture fine des signes du vivant. Ces exp\u00e9riences nourrissent la cr\u00e9ativit\u00e9 et ancrent durablement le sentiment de bien\u2011\u00eatre.<\/p>\n\n<p>Insight final : la marche consciente \u00e9largit le voyage \u2014 elle n\u2019est pas seulement un moyen de d\u00e9placement, mais une mani\u00e8re d\u2019habiter v\u00e9ritablement un lieu.<\/p>\n\n<p>Liste pratique : 5 gestes \u00e0 retenir pour d\u00e9marrer aujourd\u2019hui<\/p>\n\n<ul class=\"wp-block-list\"><li>Faire 30 secondes d\u2019ancrage avant de commencer \u00e0 marcher.<\/li><li>Observer le trajet du pied du talon aux orteils pendant 2 minutes.<\/li><li>Synchroniser respiration et pas, en commen\u00e7ant par 3\/3.<\/li><li>Choisir un point d\u2019ancrage sensoriel par bloc de 5 minutes.<\/li><li>Enregistrer une courte m\u00e9ditation guid\u00e9e pour les trajets de plus de 10 minutes.<\/li><\/ul>\n\n<script type=\"application\/ld+json\">\n{\"@context\":\"https:\/\/schema.org\",\"@type\":\"FAQPage\",\"mainEntity\":[{\"@type\":\"Question\",\"name\":\"Comment du00e9buter si lu2019on nu2019a que 5 minutes ?\",\"acceptedAnswer\":{\"@type\":\"Answer\",\"text\":\"Commencer par un court ancrage : trois respirations conscientes, puis marcher en observant le contact des pieds avec le sol pendant la duru00e9e disponible. Mu00eame cinq minutes suffisent u00e0 ru00e9duire la tension et u00e0 recentrer lu2019attention.\"}},{\"@type\":\"Question\",\"name\":\"La marche consciente remplaceu2011tu2011elle une su00e9ance de mu00e9ditation assise ?\",\"acceptedAnswer\":{\"@type\":\"Answer\",\"text\":\"Non. Elle est complu00e9mentaire. La marche mu00e9ditative permet du2019intu00e9grer la pleine conscience au mouvement et au quotidien, tandis que la mu00e9ditation assise permet souvent du2019aller plus profondu00e9ment dans lu2019immobilitu00e9 et lu2019observation des pensu00e9es.\"}},{\"@type\":\"Question\",\"name\":\"Peutu2011on pratiquer dans un environnement bruyant ou bondu00e9 ?\",\"acceptedAnswer\":{\"@type\":\"Answer\",\"text\":\"Oui, en adaptant lu2019attention : privilu00e9gier des microu2011ancrages (trois respirations) et des repu00e8res tactiles (poids du pied) plutu00f4t que la contemplation visuelle. La pru00e9sence attentive su2019exerce aussi dans lu2019agitation.\"}},{\"@type\":\"Question\",\"name\":\"Quelles ressources pour approfondir ?\",\"acceptedAnswer\":{\"@type\":\"Answer\",\"text\":\"On peut consulter des textes et pratiques issues de la MBSR, de la mu00e9thode Vittoz, et des guides de marche mu00e9ditative. Les articles de fond et les mu00e9ditations matinales disponibles sur la plateforme u00e9ditoriale proposent des pistes concru00e8tes pour structurer la pratique.\"}}]}\n<\/script>\n<h3>Comment d\u00e9buter si l\u2019on n\u2019a que 5 minutes ?<\/h3>\n<p>Commencer par un court ancrage : trois respirations conscientes, puis marcher en observant le contact des pieds avec le sol pendant la dur\u00e9e disponible. M\u00eame cinq minutes suffisent \u00e0 r\u00e9duire la tension et \u00e0 recentrer l\u2019attention.<\/p>\n<h3>La marche consciente remplace\u2011t\u2011elle une s\u00e9ance de m\u00e9ditation assise ?<\/h3>\n<p>Non. Elle est compl\u00e9mentaire. La marche m\u00e9ditative permet d\u2019int\u00e9grer la pleine conscience au mouvement et au quotidien, tandis que la m\u00e9ditation assise permet souvent d\u2019aller plus profond\u00e9ment dans l\u2019immobilit\u00e9 et l\u2019observation des pens\u00e9es.<\/p>\n<h3>Peut\u2011on pratiquer dans un environnement bruyant ou bond\u00e9 ?<\/h3>\n<p>Oui, en adaptant l\u2019attention : privil\u00e9gier des micro\u2011ancrages (trois respirations) et des rep\u00e8res tactiles (poids du pied) plut\u00f4t que la contemplation visuelle. La pr\u00e9sence attentive s\u2019exerce aussi dans l\u2019agitation.<\/p>\n<h3>Quelles ressources pour approfondir ?<\/h3>\n<p>On peut consulter des textes et pratiques issues de la MBSR, de la m\u00e9thode Vittoz, et des guides de marche m\u00e9ditative. Les articles de fond et les m\u00e9ditations matinales disponibles sur la plateforme \u00e9ditoriale proposent des pistes concr\u00e8tes pour structurer la pratique.<\/p>\n\n<p>Pour approfondir la question des habitudes et de la transition num\u00e9rique matin\/soir, la r\u00e9daction propose des pistes compl\u00e9mentaires \u00e0 lire, notamment un dossier sur le <a href=\"https:\/\/blog.pahoa-burger.fr\/article\/bienfaits-lever-sans-telephone\/\">lever sans t\u00e9l\u00e9phone<\/a> et des pratiques concr\u00e8tes pour am\u00e9nager des micro\u2011gestes au quotidien.<\/p>\n\n","protected":false},"excerpt":{"rendered":"<p>Un lundi matin, 8h15 : une silhouette qui se fraie un chemin vers le m\u00e9tro, t\u00e9l\u00e9phone coll\u00e9 \u00e0 l\u2019oreille, respiration courte, regard fuyant. Une coll\u00e8gue, Yuki, observe et propose sans emphase : \u00ab\u00a0Au Japon, on transforme la marche en m\u00e9ditation. Chaque pas devient une occasion de paix.\u00a0\u00bb Cette remarque suffit \u00e0 reframer le trajet. Peu &#8230; <a title=\"Marche consciente : la m\u00e9thode pour transformer une balade en m\u00e9ditation active\" class=\"read-more\" href=\"https:\/\/blog.pahoa-burger.fr\/article\/marche-consciente-meditation\/\" aria-label=\"En savoir plus sur Marche consciente : la m\u00e9thode pour transformer une balade en m\u00e9ditation active\">Lire la suite<\/a><\/p>\n","protected":false},"author":1,"featured_media":128,"comment_status":"open","ping_status":"closed","sticky":false,"template":"","format":"standard","meta":{"footnotes":""},"categories":[11],"tags":[],"class_list":["post-130","post","type-post","status-publish","format-standard","has-post-thumbnail","hentry","category-bien-etre"],"_links":{"self":[{"href":"https:\/\/blog.pahoa-burger.fr\/wp-json\/wp\/v2\/posts\/130","targetHints":{"allow":["GET"]}}],"collection":[{"href":"https:\/\/blog.pahoa-burger.fr\/wp-json\/wp\/v2\/posts"}],"about":[{"href":"https:\/\/blog.pahoa-burger.fr\/wp-json\/wp\/v2\/types\/post"}],"author":[{"embeddable":true,"href":"https:\/\/blog.pahoa-burger.fr\/wp-json\/wp\/v2\/users\/1"}],"replies":[{"embeddable":true,"href":"https:\/\/blog.pahoa-burger.fr\/wp-json\/wp\/v2\/comments?post=130"}],"version-history":[{"count":0,"href":"https:\/\/blog.pahoa-burger.fr\/wp-json\/wp\/v2\/posts\/130\/revisions"}],"wp:featuredmedia":[{"embeddable":true,"href":"https:\/\/blog.pahoa-burger.fr\/wp-json\/wp\/v2\/media\/128"}],"wp:attachment":[{"href":"https:\/\/blog.pahoa-burger.fr\/wp-json\/wp\/v2\/media?parent=130"}],"wp:term":[{"taxonomy":"category","embeddable":true,"href":"https:\/\/blog.pahoa-burger.fr\/wp-json\/wp\/v2\/categories?post=130"},{"taxonomy":"post_tag","embeddable":true,"href":"https:\/\/blog.pahoa-burger.fr\/wp-json\/wp\/v2\/tags?post=130"}],"curies":[{"name":"wp","href":"https:\/\/api.w.org\/{rel}","templated":true}]}}